{"id":9307,"date":"2013-09-21T10:17:55","date_gmt":"2013-09-21T10:17:55","guid":{"rendered":"http:\/\/erra.es\/erra-40e-aniversari-2\/"},"modified":"2014-11-05T21:42:46","modified_gmt":"2014-11-05T21:42:46","slug":"erra-40-aniversario","status":"publish","type":"post","link":"https:\/\/erra.es\/es\/erra-40-aniversario\/","title":{"rendered":"ERRA, 40 aniversario"},"content":{"rendered":"<p>El pasado 21 de Septiembre de 2013, en motivo del 40 aniversario de la firma ERRA, todos los trabajadores de la empresa junto con sus familias, lo quisimos celebrar visitando las bodegas Abadal en el Pla del Bages. All\u00ed pudimos visitar los vi\u00f1edos y realizar una cata de vinos. El almuerzo estuvo acompa\u00f1ado por actuaciones humor\u00edsticas, juegos y talleres para los m\u00e1s peque\u00f1os, y un fin de fiesta con un pastel personalizado con las tolvas ERRA y logo corporativo.<\/p>\n<div id='gallery-1' class='gallery galleryid-9307 gallery-columns-3 gallery-size-thumbnail'><figure class='gallery-item'>\n\t\t\t<div class='gallery-icon portrait'>\n\t\t\t\t<a href='https:\/\/erra.es\/es\/erra-40-aniversario\/aniversari-40-anys-erra-5-2\/#main'><img width=\"60\" height=\"80\" src=\"https:\/\/erra.es\/wp-content\/uploads\/aniversari-40-anys-erra-5-113x150.jpg\" class=\"attachment-thumbnail size-thumbnail\" alt=\"\" loading=\"lazy\" srcset=\"https:\/\/erra.es\/wp-content\/uploads\/aniversari-40-anys-erra-5-113x150.jpg 113w, https:\/\/erra.es\/wp-content\/uploads\/aniversari-40-anys-erra-5-350x467.jpg 350w, https:\/\/erra.es\/wp-content\/uploads\/aniversari-40-anys-erra-5-400x533.jpg 400w, https:\/\/erra.es\/wp-content\/uploads\/aniversari-40-anys-erra-5-225x300.jpg 225w, https:\/\/erra.es\/wp-content\/uploads\/aniversari-40-anys-erra-5-450x600.jpg 450w, https:\/\/erra.es\/wp-content\/uploads\/aniversari-40-anys-erra-5.jpg 525w\" sizes=\"(max-width: 60px) 100vw, 60px\" \/><\/a>\n\t\t\t<\/div><\/figure><figure class='gallery-item'>\n\t\t\t<div class='gallery-icon portrait'>\n\t\t\t\t<a href='https:\/\/erra.es\/es\/erra-40-aniversario\/aniversari-40-anys-erra-6-2\/#main'><img width=\"60\" height=\"80\" src=\"https:\/\/erra.es\/wp-content\/uploads\/aniversari-40-anys-erra-6-113x150.jpg\" class=\"attachment-thumbnail size-thumbnail\" alt=\"\" loading=\"lazy\" srcset=\"https:\/\/erra.es\/wp-content\/uploads\/aniversari-40-anys-erra-6-113x150.jpg 113w, https:\/\/erra.es\/wp-content\/uploads\/aniversari-40-anys-erra-6-350x467.jpg 350w, https:\/\/erra.es\/wp-content\/uploads\/aniversari-40-anys-erra-6-400x533.jpg 400w, https:\/\/erra.es\/wp-content\/uploads\/aniversari-40-anys-erra-6-225x300.jpg 225w, https:\/\/erra.es\/wp-content\/uploads\/aniversari-40-anys-erra-6-450x600.jpg 450w, https:\/\/erra.es\/wp-content\/uploads\/aniversari-40-anys-erra-6.jpg 525w\" sizes=\"(max-width: 60px) 100vw, 60px\" \/><\/a>\n\t\t\t<\/div><\/figure>\n\t\t<\/div>\n\n","protected":false},"excerpt":{"rendered":"<p>El pasado 21 de Septiembre de 2013, en motivo del 40 aniversario de la firma ERRA, todos los trabajadores de la empresa junto con sus familias, lo quisimos celebrar visitando las bodegas Abadal en el Pla del Bages. All\u00ed pudimos visitar los vi\u00f1edos y realizar una cata de vinos. El almuerzo estuvo acompa\u00f1ado por actuaciones [&#8230;]\n","protected":false},"author":4,"featured_media":8303,"comment_status":"closed","ping_status":"closed","sticky":false,"template":"","format":"standard","meta":{"_joinchat":[]},"categories":[158],"tags":[],"_links":{"self":[{"href":"https:\/\/erra.es\/es\/wp-json\/wp\/v2\/posts\/9307"}],"collection":[{"href":"https:\/\/erra.es\/es\/wp-json\/wp\/v2\/posts"}],"about":[{"href":"https:\/\/erra.es\/es\/wp-json\/wp\/v2\/types\/post"}],"author":[{"embeddable":true,"href":"https:\/\/erra.es\/es\/wp-json\/wp\/v2\/users\/4"}],"replies":[{"embeddable":true,"href":"https:\/\/erra.es\/es\/wp-json\/wp\/v2\/comments?post=9307"}],"version-history":[{"count":0,"href":"https:\/\/erra.es\/es\/wp-json\/wp\/v2\/posts\/9307\/revisions"}],"wp:featuredmedia":[{"embeddable":true,"href":"https:\/\/erra.es\/es\/wp-json\/wp\/v2\/media\/8303"}],"wp:attachment":[{"href":"https:\/\/erra.es\/es\/wp-json\/wp\/v2\/media?parent=9307"}],"wp:term":[{"taxonomy":"category","embeddable":true,"href":"https:\/\/erra.es\/es\/wp-json\/wp\/v2\/categories?post=9307"},{"taxonomy":"post_tag","embeddable":true,"href":"https:\/\/erra.es\/es\/wp-json\/wp\/v2\/tags?post=9307"}],"curies":[{"name":"wp","href":"https:\/\/api.w.org\/{rel}","templated":true}]}}