{"id":11995,"date":"2020-05-22T13:04:32","date_gmt":"2020-05-22T13:04:32","guid":{"rendered":"http:\/\/erra.es\/?p=11995"},"modified":"2020-05-22T10:59:52","modified_gmt":"2020-05-22T10:59:52","slug":"donacion-a-caritas-vic","status":"publish","type":"post","link":"https:\/\/erra.es\/es\/donacion-a-caritas-vic\/","title":{"rendered":"Donaci\u00f3n a Caritas Vic"},"content":{"rendered":"<p>Desde el inicio de la crisis sanitaria con el Covid-19, muchas familias y personas que viven solas en nuestra comarca han contactado con C\u00e1ritas Vic para pedir ayudas en necesidades tan b\u00e1sicas como la alimentaci\u00f3n, la vivienda y los suministros. <strong>Erra Tecni-Ram<\/strong> somos conscientes de estas necesidades en esta situaci\u00f3n actual. Por este mismo motivo, nuestra empresa ha realizado una aportaci\u00f3n econ\u00f3mica a la entidad para que pueda gestionarlo seg\u00fan las necesidades de las familias.<\/p>\n<p>Agradecidos de poder colaborar.<\/p>\n","protected":false},"excerpt":{"rendered":"<p>Desde el inicio de la crisis sanitaria con el Covid-19, muchas familias y personas que viven solas en nuestra comarca han contactado con C\u00e1ritas Vic para pedir ayudas en necesidades tan b\u00e1sicas como la alimentaci\u00f3n, la vivienda y los suministros. Erra Tecni-Ram somos conscientes de estas necesidades en esta situaci\u00f3n actual. Por este mismo motivo, [&#8230;]\n","protected":false},"author":4,"featured_media":16327,"comment_status":"open","ping_status":"open","sticky":false,"template":"","format":"standard","meta":{"_joinchat":[]},"categories":[158],"tags":[],"_links":{"self":[{"href":"https:\/\/erra.es\/es\/wp-json\/wp\/v2\/posts\/11995"}],"collection":[{"href":"https:\/\/erra.es\/es\/wp-json\/wp\/v2\/posts"}],"about":[{"href":"https:\/\/erra.es\/es\/wp-json\/wp\/v2\/types\/post"}],"author":[{"embeddable":true,"href":"https:\/\/erra.es\/es\/wp-json\/wp\/v2\/users\/4"}],"replies":[{"embeddable":true,"href":"https:\/\/erra.es\/es\/wp-json\/wp\/v2\/comments?post=11995"}],"version-history":[{"count":0,"href":"https:\/\/erra.es\/es\/wp-json\/wp\/v2\/posts\/11995\/revisions"}],"wp:featuredmedia":[{"embeddable":true,"href":"https:\/\/erra.es\/es\/wp-json\/wp\/v2\/media\/16327"}],"wp:attachment":[{"href":"https:\/\/erra.es\/es\/wp-json\/wp\/v2\/media?parent=11995"}],"wp:term":[{"taxonomy":"category","embeddable":true,"href":"https:\/\/erra.es\/es\/wp-json\/wp\/v2\/categories?post=11995"},{"taxonomy":"post_tag","embeddable":true,"href":"https:\/\/erra.es\/es\/wp-json\/wp\/v2\/tags?post=11995"}],"curies":[{"name":"wp","href":"https:\/\/api.w.org\/{rel}","templated":true}]}}