{"id":11565,"date":"2019-04-10T09:31:55","date_gmt":"2019-04-10T09:31:55","guid":{"rendered":"http:\/\/erra.es\/mercat-del-ram-tradicio-agricola-i-ramadera-dosona-2\/"},"modified":"2019-04-10T09:33:59","modified_gmt":"2019-04-10T09:33:59","slug":"mercat-del-ram-tradicio-agricola-i-ramadera-dosona","status":"publish","type":"post","link":"https:\/\/erra.es\/es\/mercat-del-ram-tradicio-agricola-i-ramadera-dosona\/","title":{"rendered":"Mercat del Ram: tradici\u00f3n agr\u00edcola y ganadera de la comarca de Osona"},"content":{"rendered":"<p>El Mercat del Ram celebra un a\u00f1o m\u00e1s, la tradici\u00f3n agr\u00edcola y ganadera de la comarca. Durante los d\u00edas <strong>12, 13 y 14 de abril<\/strong>, Vic acoge un amplio programa de actividades relacionadas con estos dos sectores.<\/p>\n<p><em><strong>La Casa de Pag\u00e8s<\/strong><\/em>, instalada en el Pabell\u00f3n del Recinto Ferial El Sucre, acoger\u00e1 una serie de espacios destinados principalmente al p\u00fablico familiar, proporcionando los aspectos m\u00e1s destacados de la vida en el campo a trav\u00e9s de actividades, talleres y exposiciones. <strong>ERRA<\/strong>, es patrocinador oficial.<\/p>\n","protected":false},"excerpt":{"rendered":"<p>El Mercat del Ram celebra un a\u00f1o m\u00e1s, la tradici\u00f3n agr\u00edcola y ganadera de la comarca. Durante los d\u00edas 12, 13 y 14 de abril, Vic acoge un amplio programa de actividades relacionadas con estos dos sectores. La Casa de Pag\u00e8s, instalada en el Pabell\u00f3n del Recinto Ferial El Sucre, acoger\u00e1 una serie de espacios [&#8230;]\n","protected":false},"author":4,"featured_media":11562,"comment_status":"open","ping_status":"open","sticky":false,"template":"","format":"standard","meta":{"_joinchat":[]},"categories":[158],"tags":[],"_links":{"self":[{"href":"https:\/\/erra.es\/es\/wp-json\/wp\/v2\/posts\/11565"}],"collection":[{"href":"https:\/\/erra.es\/es\/wp-json\/wp\/v2\/posts"}],"about":[{"href":"https:\/\/erra.es\/es\/wp-json\/wp\/v2\/types\/post"}],"author":[{"embeddable":true,"href":"https:\/\/erra.es\/es\/wp-json\/wp\/v2\/users\/4"}],"replies":[{"embeddable":true,"href":"https:\/\/erra.es\/es\/wp-json\/wp\/v2\/comments?post=11565"}],"version-history":[{"count":0,"href":"https:\/\/erra.es\/es\/wp-json\/wp\/v2\/posts\/11565\/revisions"}],"wp:featuredmedia":[{"embeddable":true,"href":"https:\/\/erra.es\/es\/wp-json\/wp\/v2\/media\/11562"}],"wp:attachment":[{"href":"https:\/\/erra.es\/es\/wp-json\/wp\/v2\/media?parent=11565"}],"wp:term":[{"taxonomy":"category","embeddable":true,"href":"https:\/\/erra.es\/es\/wp-json\/wp\/v2\/categories?post=11565"},{"taxonomy":"post_tag","embeddable":true,"href":"https:\/\/erra.es\/es\/wp-json\/wp\/v2\/tags?post=11565"}],"curies":[{"name":"wp","href":"https:\/\/api.w.org\/{rel}","templated":true}]}}