{"id":11312,"date":"2018-03-16T11:40:43","date_gmt":"2018-03-16T11:40:43","guid":{"rendered":"http:\/\/erra.es\/mercat-ram-2018-2\/"},"modified":"2018-03-16T11:50:08","modified_gmt":"2018-03-16T11:50:08","slug":"mercat-ram-2018","status":"publish","type":"post","link":"https:\/\/erra.es\/es\/mercat-ram-2018\/","title":{"rendered":"Mercat del Ram 2018"},"content":{"rendered":"<p><span style=\"font-family: 'Georgia',serif; color: #333333;\">El Mercat del Ram se instala de nuevo en Vic los d\u00edas 23, 24 y 25 de Marzo, con la fuerza de la tradici\u00f3n ganadera y una amplia oferta de actividades l\u00fadicas, que hacen que la ciudad viva tres d\u00edas de fiesta.<\/span><\/p>\n<p style=\"font-variant-ligatures: normal; font-variant-caps: normal; orphans: 2; text-align: start; widows: 2; -webkit-text-stroke-width: 0px; text-decoration-style: initial; text-decoration-color: initial; word-spacing: 0px;\"><span style=\"font-family: 'Georgia',serif; color: #333333;\">La esencia ganadera del Mercat del Ram conlleva que algunas de las propuestas m\u00e1s destacadas est\u00e9n en sinton\u00eda con este hecho. Es el caso de\u00a0<strong><span style=\"font-family: 'Georgia',serif;\">La Casa de Pag\u00e8s<\/span><\/strong>, una apuesta iniciada hace ya tres a\u00f1os, para acercar el mundo rural al p\u00fablico familiar, donde se muestran los aspectos m\u00e1s destacados de la vida de campo a trav\u00e9s de actividades, talleres y exposiciones. La Casa de Pag\u00e8s, situada en el Pabell\u00f3n del Recinto Ferial El Sucre, est\u00e1 estructurado en distintas \u00e1reas que fomentan el conocimiento, a trav\u00e9s de la participaci\u00f3n.\u00a0Nuestra\u00a0empresa, largamente vinculada con esta feria y en el sector ganadero,\u00a0<strong><span style=\"font-family: 'Georgia',serif;\">colabora y patrocina La Casa de Pag\u00e8s<\/span><\/strong>.<\/span><\/p>\n","protected":false},"excerpt":{"rendered":"<p>El Mercat del Ram se instala de nuevo en Vic los d\u00edas 23, 24 y 25 de Marzo, con la fuerza de la tradici\u00f3n ganadera y una amplia oferta de actividades l\u00fadicas, que hacen que la ciudad viva tres d\u00edas de fiesta. La esencia ganadera del Mercat del Ram conlleva que algunas de las propuestas [&#8230;]\n","protected":false},"author":4,"featured_media":11310,"comment_status":"open","ping_status":"open","sticky":false,"template":"","format":"standard","meta":{"_joinchat":[]},"categories":[158],"tags":[],"_links":{"self":[{"href":"https:\/\/erra.es\/es\/wp-json\/wp\/v2\/posts\/11312"}],"collection":[{"href":"https:\/\/erra.es\/es\/wp-json\/wp\/v2\/posts"}],"about":[{"href":"https:\/\/erra.es\/es\/wp-json\/wp\/v2\/types\/post"}],"author":[{"embeddable":true,"href":"https:\/\/erra.es\/es\/wp-json\/wp\/v2\/users\/4"}],"replies":[{"embeddable":true,"href":"https:\/\/erra.es\/es\/wp-json\/wp\/v2\/comments?post=11312"}],"version-history":[{"count":0,"href":"https:\/\/erra.es\/es\/wp-json\/wp\/v2\/posts\/11312\/revisions"}],"wp:featuredmedia":[{"embeddable":true,"href":"https:\/\/erra.es\/es\/wp-json\/wp\/v2\/media\/11310"}],"wp:attachment":[{"href":"https:\/\/erra.es\/es\/wp-json\/wp\/v2\/media?parent=11312"}],"wp:term":[{"taxonomy":"category","embeddable":true,"href":"https:\/\/erra.es\/es\/wp-json\/wp\/v2\/categories?post=11312"},{"taxonomy":"post_tag","embeddable":true,"href":"https:\/\/erra.es\/es\/wp-json\/wp\/v2\/tags?post=11312"}],"curies":[{"name":"wp","href":"https:\/\/api.w.org\/{rel}","templated":true}]}}