{"id":11124,"date":"2017-11-07T10:55:56","date_gmt":"2017-11-07T10:55:56","guid":{"rendered":"http:\/\/erra.es\/premis-porc-dor-24a-edicio-segovia-2\/"},"modified":"2017-11-07T11:01:16","modified_gmt":"2017-11-07T11:01:16","slug":"premis-porc-dor-24a-edicio-segovia","status":"publish","type":"post","link":"https:\/\/erra.es\/es\/premis-porc-dor-24a-edicio-segovia\/","title":{"rendered":"Premios Porc d&#8217;Or: 24a edici\u00f3n en Seg\u00f3via"},"content":{"rendered":"<p>Por primera vez en la historia de los Porc d\u2019Or, Castilla y Le\u00f3n acoger\u00e1 el que ya es el gran acontecimiento anual del sector porcino espa\u00f1ol, y uno de los sectores m\u00e1s importantes para nuestra econom\u00eda.<\/p>\n<p>El lugar de celebraci\u00f3n de la gala de entrega de los galardones Porc d\u2019Or es itinerante, teni\u00e9ndose en cuenta comunidades aut\u00f3nomas y provincias de gran tradici\u00f3n ganadera, censos porcinos relevantes y producciones destacadas. Localidades como Barcelona, L\u00e9rida, Madrid, Pamplona, Vic y Zaragoza ya han sido sede de esta celebraci\u00f3n en ediciones pasadas.<\/p>\n<p>Estos prestigiosos galardones tienen como objetivo reconocer el trabajo de las empresas y explotaciones de porcino espa\u00f1olas.<\/p>\n<p>ERRA, de nuevo, colabora con este prestigioso acontecimiento anual.<\/p>\n","protected":false},"excerpt":{"rendered":"<p>Por primera vez en la historia de los Porc d\u2019Or, Castilla y Le\u00f3n acoger\u00e1 el que ya es el gran acontecimiento anual del sector porcino espa\u00f1ol, y uno de los sectores m\u00e1s importantes para nuestra econom\u00eda. El lugar de celebraci\u00f3n de la gala de entrega de los galardones Porc d\u2019Or es itinerante, teni\u00e9ndose en cuenta [&#8230;]\n","protected":false},"author":4,"featured_media":16054,"comment_status":"open","ping_status":"open","sticky":false,"template":"","format":"standard","meta":{"_joinchat":[]},"categories":[158],"tags":[],"_links":{"self":[{"href":"https:\/\/erra.es\/es\/wp-json\/wp\/v2\/posts\/11124"}],"collection":[{"href":"https:\/\/erra.es\/es\/wp-json\/wp\/v2\/posts"}],"about":[{"href":"https:\/\/erra.es\/es\/wp-json\/wp\/v2\/types\/post"}],"author":[{"embeddable":true,"href":"https:\/\/erra.es\/es\/wp-json\/wp\/v2\/users\/4"}],"replies":[{"embeddable":true,"href":"https:\/\/erra.es\/es\/wp-json\/wp\/v2\/comments?post=11124"}],"version-history":[{"count":0,"href":"https:\/\/erra.es\/es\/wp-json\/wp\/v2\/posts\/11124\/revisions"}],"wp:featuredmedia":[{"embeddable":true,"href":"https:\/\/erra.es\/es\/wp-json\/wp\/v2\/media\/16054"}],"wp:attachment":[{"href":"https:\/\/erra.es\/es\/wp-json\/wp\/v2\/media?parent=11124"}],"wp:term":[{"taxonomy":"category","embeddable":true,"href":"https:\/\/erra.es\/es\/wp-json\/wp\/v2\/categories?post=11124"},{"taxonomy":"post_tag","embeddable":true,"href":"https:\/\/erra.es\/es\/wp-json\/wp\/v2\/tags?post=11124"}],"curies":[{"name":"wp","href":"https:\/\/api.w.org\/{rel}","templated":true}]}}