{"id":10846,"date":"2017-03-27T08:02:31","date_gmt":"2017-03-27T08:02:31","guid":{"rendered":"http:\/\/erra.es\/mercat-del-ram-2017-2\/"},"modified":"2017-09-20T09:10:23","modified_gmt":"2017-09-20T09:10:23","slug":"mercat-del-ram-2017","status":"publish","type":"post","link":"https:\/\/erra.es\/es\/mercat-del-ram-2017\/","title":{"rendered":"Mercat del Ram 2017"},"content":{"rendered":"<p>Los pr\u00f3ximos 7-8-9 de abril vuelve el Mercat del Ram de Vic. Exhibiciones ganaderas, productos agr\u00edcolas y muchas actividades m\u00e1s las encontrar\u00e9is en esta edici\u00f3n. Erra participa un a\u00f1o m\u00e1s. Estaremos dentro el Recinto Ferial El Sucre, en un formato renovado en el apartado de la Casa de Pag\u00e8s. Os esperamos!<\/p>\n","protected":false},"excerpt":{"rendered":"<p>Los pr\u00f3ximos 7-8-9 de abril vuelve el Mercat del Ram de Vic. Exhibiciones ganaderas, productos agr\u00edcolas y muchas actividades m\u00e1s las encontrar\u00e9is en esta edici\u00f3n. Erra participa un a\u00f1o m\u00e1s. Estaremos dentro el Recinto Ferial El Sucre, en un formato renovado en el apartado de la Casa de Pag\u00e8s. Os esperamos!<\/p>\n","protected":false},"author":4,"featured_media":10843,"comment_status":"open","ping_status":"open","sticky":false,"template":"","format":"standard","meta":{"_joinchat":[]},"categories":[158],"tags":[],"_links":{"self":[{"href":"https:\/\/erra.es\/es\/wp-json\/wp\/v2\/posts\/10846"}],"collection":[{"href":"https:\/\/erra.es\/es\/wp-json\/wp\/v2\/posts"}],"about":[{"href":"https:\/\/erra.es\/es\/wp-json\/wp\/v2\/types\/post"}],"author":[{"embeddable":true,"href":"https:\/\/erra.es\/es\/wp-json\/wp\/v2\/users\/4"}],"replies":[{"embeddable":true,"href":"https:\/\/erra.es\/es\/wp-json\/wp\/v2\/comments?post=10846"}],"version-history":[{"count":0,"href":"https:\/\/erra.es\/es\/wp-json\/wp\/v2\/posts\/10846\/revisions"}],"wp:featuredmedia":[{"embeddable":true,"href":"https:\/\/erra.es\/es\/wp-json\/wp\/v2\/media\/10843"}],"wp:attachment":[{"href":"https:\/\/erra.es\/es\/wp-json\/wp\/v2\/media?parent=10846"}],"wp:term":[{"taxonomy":"category","embeddable":true,"href":"https:\/\/erra.es\/es\/wp-json\/wp\/v2\/categories?post=10846"},{"taxonomy":"post_tag","embeddable":true,"href":"https:\/\/erra.es\/es\/wp-json\/wp\/v2\/tags?post=10846"}],"curies":[{"name":"wp","href":"https:\/\/api.w.org\/{rel}","templated":true}]}}