{"id":10340,"date":"2015-11-05T11:50:02","date_gmt":"2015-11-05T11:50:02","guid":{"rendered":"http:\/\/erra.es\/22a-edicio-premis-porc-dor-2\/"},"modified":"2015-11-05T11:54:51","modified_gmt":"2015-11-05T11:54:51","slug":"22a-edicio-premis-porc-dor","status":"publish","type":"post","link":"https:\/\/erra.es\/es\/22a-edicio-premis-porc-dor\/","title":{"rendered":"22a edici\u00f3n Premios Porc d&#8217;Or"},"content":{"rendered":"<p>El pr\u00f3ximo 6 de noviembre, coincidiendo con la 48a edici\u00f3n de la SEPOR, el sector porcino espa\u00f1ol tendr\u00e1 su capital en Lorca (Murcia). La gran fiesta del sector premia y valora la profesionalidad y los resultados productivos de nuestros ganaderos y empresas productoras.<br \/>\nErra, un a\u00f1o m\u00e1s, es empresa colaboradora de este gran acontecimiento.<\/p>\n","protected":false},"excerpt":{"rendered":"<p>El pr\u00f3ximo 6 de noviembre, coincidiendo con la 48a edici\u00f3n de la SEPOR, el sector porcino espa\u00f1ol tendr\u00e1 su capital en Lorca (Murcia). La gran fiesta del sector premia y valora la profesionalidad y los resultados productivos de nuestros ganaderos y empresas productoras. Erra, un a\u00f1o m\u00e1s, es empresa colaboradora de este gran acontecimiento.<\/p>\n","protected":false},"author":4,"featured_media":10337,"comment_status":"open","ping_status":"open","sticky":false,"template":"","format":"standard","meta":{"_joinchat":[]},"categories":[158],"tags":[],"_links":{"self":[{"href":"https:\/\/erra.es\/es\/wp-json\/wp\/v2\/posts\/10340"}],"collection":[{"href":"https:\/\/erra.es\/es\/wp-json\/wp\/v2\/posts"}],"about":[{"href":"https:\/\/erra.es\/es\/wp-json\/wp\/v2\/types\/post"}],"author":[{"embeddable":true,"href":"https:\/\/erra.es\/es\/wp-json\/wp\/v2\/users\/4"}],"replies":[{"embeddable":true,"href":"https:\/\/erra.es\/es\/wp-json\/wp\/v2\/comments?post=10340"}],"version-history":[{"count":0,"href":"https:\/\/erra.es\/es\/wp-json\/wp\/v2\/posts\/10340\/revisions"}],"wp:featuredmedia":[{"embeddable":true,"href":"https:\/\/erra.es\/es\/wp-json\/wp\/v2\/media\/10337"}],"wp:attachment":[{"href":"https:\/\/erra.es\/es\/wp-json\/wp\/v2\/media?parent=10340"}],"wp:term":[{"taxonomy":"category","embeddable":true,"href":"https:\/\/erra.es\/es\/wp-json\/wp\/v2\/categories?post=10340"},{"taxonomy":"post_tag","embeddable":true,"href":"https:\/\/erra.es\/es\/wp-json\/wp\/v2\/tags?post=10340"}],"curies":[{"name":"wp","href":"https:\/\/api.w.org\/{rel}","templated":true}]}}